{"id":522,"date":"2022-09-14T20:30:00","date_gmt":"2022-09-14T23:30:00","guid":{"rendered":"https:\/\/agenciaellis.com.br\/blog\/?p=522"},"modified":"2023-04-19T08:59:11","modified_gmt":"2023-04-19T11:59:11","slug":"black-friday-2022-adote-essas-5-estrategias-e-saia-na-frente","status":"publish","type":"post","link":"http:\/\/agenciaellis.com.br\/blog\/black-friday-2022-adote-essas-5-estrategias-e-saia-na-frente\/","title":{"rendered":"Black Friday 2022: Adote essas 5 estrat\u00e9gias e saia na frente.\u00a0"},"content":{"rendered":"\n<p>A Black friday 2022 vem a\u00ed, e com ela a corrida pelas&nbsp;vendas. Quem o cliente vai escolher esse ano? \u00c9 simples, aquele que chegar na frente e com as melhores vantagens! Se voc\u00ea tem um neg\u00f3cio e quer vender muito mais do que imaginou esse ano, fique esperto que preparamos esse post para voc\u00ea!&nbsp;<\/p>\n\n\n\n<p>Como sair na frente na Black Friday 2022?&nbsp;<\/p>\n\n\n\n<p>Essa \u00e9 uma pergunta que muitos empreendedores fazem e est\u00e3o ansiosos para saber a resposta o quanto antes. Primeiramente, para que voc\u00ea descubra uma maneira de se destacar, vai precisar de um plano, al\u00e9m de conhecer bastante seu p\u00fablico. Depois, existem ferramentas e maneiras facilitadoras para fazer tudo isso acontecer de forma mais flu\u00edda no online, e assim, atrair mais pessoas. Por isso, hoje falaremos de 5 estrat\u00e9gias que v\u00e3o melhorar e muito os seus resultados nessa BLack Friday 2022. Continue lendo!&nbsp;<\/p>\n\n\n\n<div id=\"ez-toc-container\" class=\"ez-toc-v2_0_62 counter-hierarchy ez-toc-counter ez-toc-grey ez-toc-container-direction\">\n<div class=\"ez-toc-title-container\">\n<p class=\"ez-toc-title \" >Table of Contents<\/p>\n<span class=\"ez-toc-title-toggle\"><a href=\"#\" class=\"ez-toc-pull-right ez-toc-btn ez-toc-btn-xs ez-toc-btn-default ez-toc-toggle\" aria-label=\"Toggle Table of Content\"><span class=\"ez-toc-js-icon-con\"><span class=\"\"><span class=\"eztoc-hide\" style=\"display:none;\">Toggle<\/span><span class=\"ez-toc-icon-toggle-span\"><svg style=\"fill: #999;color:#999\" xmlns=\"http:\/\/www.w3.org\/2000\/svg\" class=\"list-377408\" width=\"20px\" height=\"20px\" viewBox=\"0 0 24 24\" fill=\"none\"><path d=\"M6 6H4v2h2V6zm14 0H8v2h12V6zM4 11h2v2H4v-2zm16 0H8v2h12v-2zM4 16h2v2H4v-2zm16 0H8v2h12v-2z\" fill=\"currentColor\"><\/path><\/svg><svg style=\"fill: #999;color:#999\" class=\"arrow-unsorted-368013\" xmlns=\"http:\/\/www.w3.org\/2000\/svg\" width=\"10px\" height=\"10px\" viewBox=\"0 0 24 24\" version=\"1.2\" baseProfile=\"tiny\"><path d=\"M18.2 9.3l-6.2-6.3-6.2 6.3c-.2.2-.3.4-.3.7s.1.5.3.7c.2.2.4.3.7.3h11c.3 0 .5-.1.7-.3.2-.2.3-.5.3-.7s-.1-.5-.3-.7zM5.8 14.7l6.2 6.3 6.2-6.3c.2-.2.3-.5.3-.7s-.1-.5-.3-.7c-.2-.2-.4-.3-.7-.3h-11c-.3 0-.5.1-.7.3-.2.2-.3.5-.3.7s.1.5.3.7z\"\/><\/svg><\/span><\/span><\/span><\/a><\/span><\/div>\n<nav><ul class='ez-toc-list ez-toc-list-level-1 ' ><li class='ez-toc-page-1 ez-toc-heading-level-2'><a class=\"ez-toc-link ez-toc-heading-1\" href=\"http:\/\/agenciaellis.com.br\/blog\/black-friday-2022-adote-essas-5-estrategias-e-saia-na-frente\/#1Tenha_uma_loja_virtual_preparada\" title=\"1.Tenha uma loja virtual preparada&nbsp;\">1.Tenha uma loja virtual preparada&nbsp;<\/a><\/li><li class='ez-toc-page-1 ez-toc-heading-level-2'><a class=\"ez-toc-link ez-toc-heading-2\" href=\"http:\/\/agenciaellis.com.br\/blog\/black-friday-2022-adote-essas-5-estrategias-e-saia-na-frente\/#2Cashback_para_fidelizar\" title=\"2.Cashback para fidelizar&nbsp;\">2.Cashback para fidelizar&nbsp;<\/a><\/li><li class='ez-toc-page-1 ez-toc-heading-level-2'><a class=\"ez-toc-link ez-toc-heading-3\" href=\"http:\/\/agenciaellis.com.br\/blog\/black-friday-2022-adote-essas-5-estrategias-e-saia-na-frente\/#3Redes_Sociais_ativas\" title=\"3.Redes Sociais ativas&nbsp;\">3.Redes Sociais ativas&nbsp;<\/a><\/li><li class='ez-toc-page-1 ez-toc-heading-level-2'><a class=\"ez-toc-link ez-toc-heading-4\" href=\"http:\/\/agenciaellis.com.br\/blog\/black-friday-2022-adote-essas-5-estrategias-e-saia-na-frente\/#4Invista_em_trafego_de_qualidade\" title=\"4.Invista em tr\u00e1fego de qualidade&nbsp;\">4.Invista em tr\u00e1fego de qualidade&nbsp;<\/a><\/li><li class='ez-toc-page-1 ez-toc-heading-level-2'><a class=\"ez-toc-link ez-toc-heading-5\" href=\"http:\/\/agenciaellis.com.br\/blog\/black-friday-2022-adote-essas-5-estrategias-e-saia-na-frente\/#5Faca_uma_live_commerce\" title=\"5.Fa\u00e7a uma live commerce&nbsp;\">5.Fa\u00e7a uma live commerce&nbsp;<\/a><\/li><\/ul><\/nav><\/div>\n<h2 class=\"wp-block-heading\"><span class=\"ez-toc-section\" id=\"1Tenha_uma_loja_virtual_preparada\"><\/span>1.Tenha uma loja virtual preparada&nbsp;<span class=\"ez-toc-section-end\"><\/span><\/h2>\n\n\n\n<p>Antes de mais nada, voc\u00ea que vai vender pela internet, precisa de algo autom\u00e1tico e que funciona as 24hs por dia. Apresento ent\u00e3o, a loja virtual! E tenha certeza, quanto mais preparada ela estiver, melhor as chances de acessos e vendas instant\u00e2neas nesse per\u00edodo mais esperado do ano. Dessa maneira, para preparar a sua loja virtual, voc\u00ea precisa come\u00e7ar o quanto antes para que tudo ocorra bem quando a promo\u00e7\u00e3o chegar.&nbsp;<\/p>\n\n\n\n<p>\u00c9 l\u00e1 que a vitrine do seu neg\u00f3cio vai funcionar, onde as descri\u00e7\u00f5es, fotos e checkouts devem estar funcionando na mais perfeita harmonia. Transformar o seu neg\u00f3cio f\u00edsico numa loja virtual, \u00e9 a mais perfeita sacada para quem quer triplicar vendas em 2022. Se agora \u00e9 a hora, tenha essa estrat\u00e9gia como o primeiro passo para essa expans\u00e3o.&nbsp;<\/p>\n\n\n\n<p>Leia tamb\u00e9m : <a href=\"https:\/\/agenciaellis.com.br\/blog\/loja-virtual-de-roupas-e-as-5-coisas-que-fazem-a-diferenca-nas-suas-vendas-online\/\">Como ter uma loja virtual preparada, que faz a diferen\u00e7a.<\/a><\/p>\n\n\n\n<h2 class=\"wp-block-heading\"><span class=\"ez-toc-section\" id=\"2Cashback_para_fidelizar\"><\/span>2.Cashback para fidelizar&nbsp;<span class=\"ez-toc-section-end\"><\/span><\/h2>\n\n\n\n<figure class=\"wp-block-image size-full\"><img loading=\"lazy\" decoding=\"async\" width=\"800\" height=\"533\" src=\"https:\/\/agenciaellis.com.br\/blog\/wp-content\/uploads\/2022\/09\/stylish-good-looking-woman-making-order-paying-for-shopping-online-with-credit-card-hold-smartphone-smiling-joyfully-explain-how-easy-make-purchase-in-internet-white-wall.jpg\" alt=\"Black Friday 2022\" class=\"wp-image-530\" srcset=\"http:\/\/agenciaellis.com.br\/blog\/wp-content\/uploads\/2022\/09\/stylish-good-looking-woman-making-order-paying-for-shopping-online-with-credit-card-hold-smartphone-smiling-joyfully-explain-how-easy-make-purchase-in-internet-white-wall.jpg 800w, http:\/\/agenciaellis.com.br\/blog\/wp-content\/uploads\/2022\/09\/stylish-good-looking-woman-making-order-paying-for-shopping-online-with-credit-card-hold-smartphone-smiling-joyfully-explain-how-easy-make-purchase-in-internet-white-wall-300x200.jpg 300w, http:\/\/agenciaellis.com.br\/blog\/wp-content\/uploads\/2022\/09\/stylish-good-looking-woman-making-order-paying-for-shopping-online-with-credit-card-hold-smartphone-smiling-joyfully-explain-how-easy-make-purchase-in-internet-white-wall-768x512.jpg 768w\" sizes=\"(max-width: 800px) 100vw, 800px\" \/><\/figure>\n\n\n\n<p>Com certeza voc\u00ea j\u00e1 viu por a\u00ed as lojas fazendo parte do Cash back e sendo campe\u00e3s em vendas. Pois \u00e9, n\u00e3o s\u00f3 os grandes neg\u00f3cios possuem esse privil\u00e9gio. Voc\u00ea pode implantar um sistema pr\u00f3prio na sua loja e atrair mais clientes principalmente nesta data onde todos est\u00e3o dispostos a gastar mais. A fideliza\u00e7\u00e3o atrav\u00e9s do cashback pode ser algo muito proveitoso, principalmente, depois que essa data passar. Os seus clientes certamente voltaram para resgatar seus b\u00f4nus e assim, podem voltar muitas vezes. Dessa maneira, apesar de ser mais uma vantagem, um cashback divulgado na \u00e9poca de Black Friday \u00e9 ganho em dobro, e \u00e9 disso que o cliente gosta.&nbsp;<\/p>\n\n\n\n<p>Leia mais sobre o<a href=\"https:\/\/agenciaellis.com.br\/blog\/cashback-para-empresas-expanda-seu-negocio-com-esse-clube-de-vantagens\/\"> Cashback<\/a> e as vantagens de implantar no seu neg\u00f3cio aqui.&nbsp;<\/p>\n\n\n\n<h2 class=\"wp-block-heading\"><span class=\"ez-toc-section\" id=\"3Redes_Sociais_ativas\"><\/span>3.Redes Sociais ativas&nbsp;<span class=\"ez-toc-section-end\"><\/span><\/h2>\n\n\n\n<p>Todo mundo sabe que manter redes sociais ativas e funcionando diariamente \u00e9 importante. Por\u00e9m, em \u00e9poca de Black Friday \u00e9 quase que obrigat\u00f3rio. Com o uso e a popularidade das redes sociais, ficar fora dela n\u00e3o \u00e9 definitivamente um bom neg\u00f3cio principalmente para empresas que querem vender. E n\u00e3o para sair fazendo panfletos online, mas para mostrar para o mundo que o que voc\u00ea vende \u00e9 importante e seu neg\u00f3cio est\u00e1 em perfeito funcionamento. Afinal, quem \u00e9 visto, \u00e9 lembrado. Assim, como segunda estrat\u00e9gia e at\u00e9 para usar vinculada a sua loja virtual, as redes sociais devem ser como comunicadoras e facilitadoras ao seu produto ou servi\u00e7o. Por isso, facilite para o seu cliente, use as redes sociais com intelig\u00eancia para conseguir mais vendas. &nbsp;<\/p>\n\n\n\n<p>Precisa de uma estrat\u00e9gia para dar um novo rumo as suas redes sociais? <a href=\"https:\/\/agenciaellis.com.br\/contato\">Fale conosco.<\/a><\/p>\n\n\n\n<h2 class=\"wp-block-heading\"><span class=\"ez-toc-section\" id=\"4Invista_em_trafego_de_qualidade\"><\/span>4.Invista em tr\u00e1fego de qualidade&nbsp;<span class=\"ez-toc-section-end\"><\/span><\/h2>\n\n\n\n<p>Outra estrat\u00e9gia que vai andar junto das outras tr\u00eas \u00e9 a utiliza\u00e7\u00e3o de campanhas atrav\u00e9s do tr\u00e1fego pago como impulsionador de vendas. Para quem busca resultado mais consistentes na Black Friday, deve usar esse recurso de acordo com os objetivos de deseja atingir. O tr\u00e1fego pago \u00e9 sem d\u00favida a forma mais r\u00e1pida de trazer pessoas para a sua oferta e pode ser feito tanto pelo <a href=\"https:\/\/www.instagram.com\/\">Instagram<\/a>, como<a href=\"https:\/\/www.facebook.com\/\"> Facebook<\/a> e o <a href=\"https:\/\/www.google.com\/\">Google<\/a>.&nbsp;&nbsp;<\/p>\n\n\n\n<p>O tr\u00e1fego deve trabalhar com o pr\u00e9 e p\u00f3s-venda tamb\u00e9m, de maneira pensada e estrat\u00e9gica para que suas ofertas apare\u00e7am para o p\u00fablico certo e voc\u00ea gaste menos dinheiro.&nbsp;<\/p>\n\n\n\n<p><strong>Fa\u00e7a um tr\u00e1fego de qualidade para essa black Friday<\/strong>!<a href=\"https:\/\/agenciaellis.com.br\/contato\"> Nos conte o seu objetivo!<\/a><\/p>\n\n\n\n<h2 class=\"wp-block-heading\"><span class=\"ez-toc-section\" id=\"5Faca_uma_live_commerce\"><\/span>5.Fa\u00e7a uma live commerce&nbsp;<span class=\"ez-toc-section-end\"><\/span><\/h2>\n\n\n\n<figure class=\"wp-block-image size-full\"><img loading=\"lazy\" decoding=\"async\" width=\"800\" height=\"533\" src=\"https:\/\/agenciaellis.com.br\/blog\/wp-content\/uploads\/2022\/09\/camera-recording-videoblog-in-home-studio-of-famous-young-woman.jpg\" alt=\"Black Friday 2022: live commerce\" class=\"wp-image-531\" srcset=\"http:\/\/agenciaellis.com.br\/blog\/wp-content\/uploads\/2022\/09\/camera-recording-videoblog-in-home-studio-of-famous-young-woman.jpg 800w, http:\/\/agenciaellis.com.br\/blog\/wp-content\/uploads\/2022\/09\/camera-recording-videoblog-in-home-studio-of-famous-young-woman-300x200.jpg 300w, http:\/\/agenciaellis.com.br\/blog\/wp-content\/uploads\/2022\/09\/camera-recording-videoblog-in-home-studio-of-famous-young-woman-768x512.jpg 768w\" sizes=\"(max-width: 800px) 100vw, 800px\" \/><\/figure>\n\n\n\n<p>Provavelmente, voc\u00ea j\u00e1 deve ter visto ou participado de uma dessas lives commerce. Esse tipo de evento acaba atraindo muita gente, j\u00e1 que vem recheado de promo\u00e7\u00f5es e os pedidos s\u00e3o feitos na hora. Com isso, os vendedores anotam os pedidos que v\u00e3o chegando a todo instante. E sim, tudo isso precisa ser feito de forma organizada para que voc\u00ea n\u00e3o perca vendas nem confunda os pedidos. Hoje em dia as lives est\u00e3o no gosto do p\u00fablico, e no per\u00edodo de Black Friday todos est\u00e3o preparados para abra\u00e7ar suas ofertas, basta que tudo seja feito de maneira produtiva e f\u00e1cil para o cliente e para voc\u00ea que produz.  Para isso, a tecnologia j\u00e1 tratou de otimizar essa modalidade de vendas e quem usa j\u00e1 est\u00e1 sentindo os resultados. <\/p>\n\n\n\n<p>Por um acaso, voc\u00ea j\u00e1 ouviu falar em plataforma de live commerce?&nbsp;N\u00e3o? A ideia da ferramenta \u00e9 tornar a pr\u00e1tica de lives mais f\u00e1cil e menos estressante durante a sua dura\u00e7\u00e3o e melhorar a organiza\u00e7\u00e3o das suas vendas. <a href=\"https:\/\/agenciaellis.com.br\/contato\">Fale direto conosco<\/a> e descubra como transformar suas lives em algo produtivo e otimizado.<\/p>\n\n\n\n<p>A black Friday 2022 est\u00e1 chegando e esse \u00e9 o momento de prepara\u00e7\u00e3o mais importante para quem deseja se destacar e alavancar as vendas nesse per\u00edodo. Nosso intuito \u00e9 que voc\u00ea adote essas 5 pr\u00e1ticas  que se complementam e consiga os resultados que sempre sonhou.<\/p>\n\n\n\n<p>Se precisar de ajuda, estamos a disposi\u00e7\u00e3o para te ajudar com isso! E boas vendas!<\/p>\n","protected":false},"excerpt":{"rendered":"<p>A Black friday 2022 vem a\u00ed, e com ela a corrida pelas&nbsp;vendas. Quem o cliente vai escolher esse ano? \u00c9 simples, aquele que chegar na frente e com as melhores&#8230;<\/p>\n","protected":false},"author":8,"featured_media":528,"comment_status":"closed","ping_status":"open","sticky":false,"template":"","format":"standard","meta":{"footnotes":""},"categories":[11],"tags":[],"yoast_head":"<!-- This site is optimized with the Yoast SEO plugin v22.0 - https:\/\/yoast.com\/wordpress\/plugins\/seo\/ -->\n<title>Black Friday 2022: Adote essas 5 estrat\u00e9gias e saia na frente.\u00a0 - Ellis Blog | Sites, e-commerces, marketing e neg\u00f3cios<\/title>\n<meta name=\"description\" content=\"Pensa em vender muito nessa Black Friday 2022? Ent\u00e3o clica pra ver as 5 maneiras de fazer o seu plano dar certo e voc\u00ea sair na frente!\" \/>\n<meta name=\"robots\" content=\"index, follow, max-snippet:-1, max-image-preview:large, max-video-preview:-1\" \/>\n<link rel=\"canonical\" href=\"http:\/\/agenciaellis.com.br\/blog\/black-friday-2022-adote-essas-5-estrategias-e-saia-na-frente\/\" \/>\n<meta property=\"og:locale\" content=\"pt_BR\" \/>\n<meta property=\"og:type\" content=\"article\" \/>\n<meta property=\"og:title\" content=\"Black Friday 2022: Adote essas 5 estrat\u00e9gias e saia na frente.\u00a0 - Ellis Blog | Sites, e-commerces, marketing e neg\u00f3cios\" \/>\n<meta property=\"og:description\" content=\"Pensa em vender muito nessa Black Friday 2022? Ent\u00e3o clica pra ver as 5 maneiras de fazer o seu plano dar certo e voc\u00ea sair na frente!\" \/>\n<meta property=\"og:url\" content=\"http:\/\/agenciaellis.com.br\/blog\/black-friday-2022-adote-essas-5-estrategias-e-saia-na-frente\/\" \/>\n<meta property=\"og:site_name\" content=\"Ellis Blog | Sites, e-commerces, marketing e neg\u00f3cios\" \/>\n<meta property=\"article:published_time\" content=\"2022-09-14T23:30:00+00:00\" \/>\n<meta property=\"article:modified_time\" content=\"2023-04-19T11:59:11+00:00\" \/>\n<meta property=\"og:image\" content=\"http:\/\/agenciaellis.com.br\/blog\/wp-content\/uploads\/2022\/09\/closeup-portrait-of-young-happy-woman-holding-bags-at-shopping.jpg\" \/>\n\t<meta property=\"og:image:width\" content=\"800\" \/>\n\t<meta property=\"og:image:height\" content=\"533\" \/>\n\t<meta property=\"og:image:type\" content=\"image\/jpeg\" \/>\n<meta name=\"author\" content=\"luciana\" \/>\n<meta name=\"twitter:card\" content=\"summary_large_image\" \/>\n<meta name=\"twitter:label1\" content=\"Escrito por\" \/>\n\t<meta name=\"twitter:data1\" content=\"luciana\" \/>\n\t<meta name=\"twitter:label2\" content=\"Est. tempo de leitura\" \/>\n\t<meta name=\"twitter:data2\" content=\"5 minutos\" \/>\n<script type=\"application\/ld+json\" class=\"yoast-schema-graph\">{\"@context\":\"https:\/\/schema.org\",\"@graph\":[{\"@type\":\"Article\",\"@id\":\"http:\/\/agenciaellis.com.br\/blog\/black-friday-2022-adote-essas-5-estrategias-e-saia-na-frente\/#article\",\"isPartOf\":{\"@id\":\"http:\/\/agenciaellis.com.br\/blog\/black-friday-2022-adote-essas-5-estrategias-e-saia-na-frente\/\"},\"author\":{\"name\":\"luciana\",\"@id\":\"http:\/\/agenciaellis.com.br\/blog\/#\/schema\/person\/ffdaca128110c67f306c51c8ee73b7cc\"},\"headline\":\"Black Friday 2022: Adote essas 5 estrat\u00e9gias e saia na frente.\u00a0\",\"datePublished\":\"2022-09-14T23:30:00+00:00\",\"dateModified\":\"2023-04-19T11:59:11+00:00\",\"mainEntityOfPage\":{\"@id\":\"http:\/\/agenciaellis.com.br\/blog\/black-friday-2022-adote-essas-5-estrategias-e-saia-na-frente\/\"},\"wordCount\":1005,\"publisher\":{\"@id\":\"http:\/\/agenciaellis.com.br\/blog\/#organization\"},\"articleSection\":[\"Empreendedorismo\"],\"inLanguage\":\"pt-BR\"},{\"@type\":\"WebPage\",\"@id\":\"http:\/\/agenciaellis.com.br\/blog\/black-friday-2022-adote-essas-5-estrategias-e-saia-na-frente\/\",\"url\":\"http:\/\/agenciaellis.com.br\/blog\/black-friday-2022-adote-essas-5-estrategias-e-saia-na-frente\/\",\"name\":\"Black Friday 2022: Adote essas 5 estrat\u00e9gias e saia na frente.\u00a0 - Ellis Blog | Sites, e-commerces, marketing e neg\u00f3cios\",\"isPartOf\":{\"@id\":\"http:\/\/agenciaellis.com.br\/blog\/#website\"},\"datePublished\":\"2022-09-14T23:30:00+00:00\",\"dateModified\":\"2023-04-19T11:59:11+00:00\",\"description\":\"Pensa em vender muito nessa Black Friday 2022? Ent\u00e3o clica pra ver as 5 maneiras de fazer o seu plano dar certo e voc\u00ea sair na frente!\",\"breadcrumb\":{\"@id\":\"http:\/\/agenciaellis.com.br\/blog\/black-friday-2022-adote-essas-5-estrategias-e-saia-na-frente\/#breadcrumb\"},\"inLanguage\":\"pt-BR\",\"potentialAction\":[{\"@type\":\"ReadAction\",\"target\":[\"http:\/\/agenciaellis.com.br\/blog\/black-friday-2022-adote-essas-5-estrategias-e-saia-na-frente\/\"]}]},{\"@type\":\"BreadcrumbList\",\"@id\":\"http:\/\/agenciaellis.com.br\/blog\/black-friday-2022-adote-essas-5-estrategias-e-saia-na-frente\/#breadcrumb\",\"itemListElement\":[{\"@type\":\"ListItem\",\"position\":1,\"name\":\"In\u00edcio\",\"item\":\"http:\/\/agenciaellis.com.br\/blog\/\"},{\"@type\":\"ListItem\",\"position\":2,\"name\":\"Black Friday 2022: Adote essas 5 estrat\u00e9gias e saia na frente.\u00a0\"}]},{\"@type\":\"WebSite\",\"@id\":\"http:\/\/agenciaellis.com.br\/blog\/#website\",\"url\":\"http:\/\/agenciaellis.com.br\/blog\/\",\"name\":\"Ellis Blog | Sites, e-commerces, marketing e neg\u00f3cios\",\"description\":\"Sites, e-commerces, marketing e neg\u00f3cios\",\"publisher\":{\"@id\":\"http:\/\/agenciaellis.com.br\/blog\/#organization\"},\"potentialAction\":[{\"@type\":\"SearchAction\",\"target\":{\"@type\":\"EntryPoint\",\"urlTemplate\":\"http:\/\/agenciaellis.com.br\/blog\/?s={search_term_string}\"},\"query-input\":\"required name=search_term_string\"}],\"inLanguage\":\"pt-BR\"},{\"@type\":\"Organization\",\"@id\":\"http:\/\/agenciaellis.com.br\/blog\/#organization\",\"name\":\"Ellis Blog | Sites, e-commerces, marketing e neg\u00f3cios\",\"url\":\"http:\/\/agenciaellis.com.br\/blog\/\",\"logo\":{\"@type\":\"ImageObject\",\"inLanguage\":\"pt-BR\",\"@id\":\"http:\/\/agenciaellis.com.br\/blog\/#\/schema\/logo\/image\/\",\"url\":\"http:\/\/agenciaellis.com.br\/blog\/wp-content\/uploads\/2020\/10\/logo_ellis_blog-2.jpg\",\"contentUrl\":\"http:\/\/agenciaellis.com.br\/blog\/wp-content\/uploads\/2020\/10\/logo_ellis_blog-2.jpg\",\"width\":130,\"height\":121,\"caption\":\"Ellis Blog | Sites, e-commerces, marketing e neg\u00f3cios\"},\"image\":{\"@id\":\"http:\/\/agenciaellis.com.br\/blog\/#\/schema\/logo\/image\/\"}},{\"@type\":\"Person\",\"@id\":\"http:\/\/agenciaellis.com.br\/blog\/#\/schema\/person\/ffdaca128110c67f306c51c8ee73b7cc\",\"name\":\"luciana\",\"image\":{\"@type\":\"ImageObject\",\"inLanguage\":\"pt-BR\",\"@id\":\"http:\/\/agenciaellis.com.br\/blog\/#\/schema\/person\/image\/\",\"url\":\"http:\/\/1.gravatar.com\/avatar\/a56c75392dc9cb9a78803b1c4412df58?s=96&d=mm&r=g\",\"contentUrl\":\"http:\/\/1.gravatar.com\/avatar\/a56c75392dc9cb9a78803b1c4412df58?s=96&d=mm&r=g\",\"caption\":\"luciana\"},\"url\":\"http:\/\/agenciaellis.com.br\/blog\/author\/luciana\/\"}]}<\/script>\n<!-- \/ Yoast SEO plugin. -->","yoast_head_json":{"title":"Black Friday 2022: Adote essas 5 estrat\u00e9gias e saia na frente.\u00a0 - Ellis Blog | Sites, e-commerces, marketing e neg\u00f3cios","description":"Pensa em vender muito nessa Black Friday 2022? Ent\u00e3o clica pra ver as 5 maneiras de fazer o seu plano dar certo e voc\u00ea sair na frente!","robots":{"index":"index","follow":"follow","max-snippet":"max-snippet:-1","max-image-preview":"max-image-preview:large","max-video-preview":"max-video-preview:-1"},"canonical":"http:\/\/agenciaellis.com.br\/blog\/black-friday-2022-adote-essas-5-estrategias-e-saia-na-frente\/","og_locale":"pt_BR","og_type":"article","og_title":"Black Friday 2022: Adote essas 5 estrat\u00e9gias e saia na frente.\u00a0 - Ellis Blog | Sites, e-commerces, marketing e neg\u00f3cios","og_description":"Pensa em vender muito nessa Black Friday 2022? Ent\u00e3o clica pra ver as 5 maneiras de fazer o seu plano dar certo e voc\u00ea sair na frente!","og_url":"http:\/\/agenciaellis.com.br\/blog\/black-friday-2022-adote-essas-5-estrategias-e-saia-na-frente\/","og_site_name":"Ellis Blog | Sites, e-commerces, marketing e neg\u00f3cios","article_published_time":"2022-09-14T23:30:00+00:00","article_modified_time":"2023-04-19T11:59:11+00:00","og_image":[{"width":800,"height":533,"url":"http:\/\/agenciaellis.com.br\/blog\/wp-content\/uploads\/2022\/09\/closeup-portrait-of-young-happy-woman-holding-bags-at-shopping.jpg","type":"image\/jpeg"}],"author":"luciana","twitter_card":"summary_large_image","twitter_misc":{"Escrito por":"luciana","Est. tempo de leitura":"5 minutos"},"schema":{"@context":"https:\/\/schema.org","@graph":[{"@type":"Article","@id":"http:\/\/agenciaellis.com.br\/blog\/black-friday-2022-adote-essas-5-estrategias-e-saia-na-frente\/#article","isPartOf":{"@id":"http:\/\/agenciaellis.com.br\/blog\/black-friday-2022-adote-essas-5-estrategias-e-saia-na-frente\/"},"author":{"name":"luciana","@id":"http:\/\/agenciaellis.com.br\/blog\/#\/schema\/person\/ffdaca128110c67f306c51c8ee73b7cc"},"headline":"Black Friday 2022: Adote essas 5 estrat\u00e9gias e saia na frente.\u00a0","datePublished":"2022-09-14T23:30:00+00:00","dateModified":"2023-04-19T11:59:11+00:00","mainEntityOfPage":{"@id":"http:\/\/agenciaellis.com.br\/blog\/black-friday-2022-adote-essas-5-estrategias-e-saia-na-frente\/"},"wordCount":1005,"publisher":{"@id":"http:\/\/agenciaellis.com.br\/blog\/#organization"},"articleSection":["Empreendedorismo"],"inLanguage":"pt-BR"},{"@type":"WebPage","@id":"http:\/\/agenciaellis.com.br\/blog\/black-friday-2022-adote-essas-5-estrategias-e-saia-na-frente\/","url":"http:\/\/agenciaellis.com.br\/blog\/black-friday-2022-adote-essas-5-estrategias-e-saia-na-frente\/","name":"Black Friday 2022: Adote essas 5 estrat\u00e9gias e saia na frente.\u00a0 - Ellis Blog | Sites, e-commerces, marketing e neg\u00f3cios","isPartOf":{"@id":"http:\/\/agenciaellis.com.br\/blog\/#website"},"datePublished":"2022-09-14T23:30:00+00:00","dateModified":"2023-04-19T11:59:11+00:00","description":"Pensa em vender muito nessa Black Friday 2022? Ent\u00e3o clica pra ver as 5 maneiras de fazer o seu plano dar certo e voc\u00ea sair na frente!","breadcrumb":{"@id":"http:\/\/agenciaellis.com.br\/blog\/black-friday-2022-adote-essas-5-estrategias-e-saia-na-frente\/#breadcrumb"},"inLanguage":"pt-BR","potentialAction":[{"@type":"ReadAction","target":["http:\/\/agenciaellis.com.br\/blog\/black-friday-2022-adote-essas-5-estrategias-e-saia-na-frente\/"]}]},{"@type":"BreadcrumbList","@id":"http:\/\/agenciaellis.com.br\/blog\/black-friday-2022-adote-essas-5-estrategias-e-saia-na-frente\/#breadcrumb","itemListElement":[{"@type":"ListItem","position":1,"name":"In\u00edcio","item":"http:\/\/agenciaellis.com.br\/blog\/"},{"@type":"ListItem","position":2,"name":"Black Friday 2022: Adote essas 5 estrat\u00e9gias e saia na frente.\u00a0"}]},{"@type":"WebSite","@id":"http:\/\/agenciaellis.com.br\/blog\/#website","url":"http:\/\/agenciaellis.com.br\/blog\/","name":"Ellis Blog | Sites, e-commerces, marketing e neg\u00f3cios","description":"Sites, e-commerces, marketing e neg\u00f3cios","publisher":{"@id":"http:\/\/agenciaellis.com.br\/blog\/#organization"},"potentialAction":[{"@type":"SearchAction","target":{"@type":"EntryPoint","urlTemplate":"http:\/\/agenciaellis.com.br\/blog\/?s={search_term_string}"},"query-input":"required name=search_term_string"}],"inLanguage":"pt-BR"},{"@type":"Organization","@id":"http:\/\/agenciaellis.com.br\/blog\/#organization","name":"Ellis Blog | Sites, e-commerces, marketing e neg\u00f3cios","url":"http:\/\/agenciaellis.com.br\/blog\/","logo":{"@type":"ImageObject","inLanguage":"pt-BR","@id":"http:\/\/agenciaellis.com.br\/blog\/#\/schema\/logo\/image\/","url":"http:\/\/agenciaellis.com.br\/blog\/wp-content\/uploads\/2020\/10\/logo_ellis_blog-2.jpg","contentUrl":"http:\/\/agenciaellis.com.br\/blog\/wp-content\/uploads\/2020\/10\/logo_ellis_blog-2.jpg","width":130,"height":121,"caption":"Ellis Blog | Sites, e-commerces, marketing e neg\u00f3cios"},"image":{"@id":"http:\/\/agenciaellis.com.br\/blog\/#\/schema\/logo\/image\/"}},{"@type":"Person","@id":"http:\/\/agenciaellis.com.br\/blog\/#\/schema\/person\/ffdaca128110c67f306c51c8ee73b7cc","name":"luciana","image":{"@type":"ImageObject","inLanguage":"pt-BR","@id":"http:\/\/agenciaellis.com.br\/blog\/#\/schema\/person\/image\/","url":"http:\/\/1.gravatar.com\/avatar\/a56c75392dc9cb9a78803b1c4412df58?s=96&d=mm&r=g","contentUrl":"http:\/\/1.gravatar.com\/avatar\/a56c75392dc9cb9a78803b1c4412df58?s=96&d=mm&r=g","caption":"luciana"},"url":"http:\/\/agenciaellis.com.br\/blog\/author\/luciana\/"}]}},"_links":{"self":[{"href":"http:\/\/agenciaellis.com.br\/blog\/wp-json\/wp\/v2\/posts\/522"}],"collection":[{"href":"http:\/\/agenciaellis.com.br\/blog\/wp-json\/wp\/v2\/posts"}],"about":[{"href":"http:\/\/agenciaellis.com.br\/blog\/wp-json\/wp\/v2\/types\/post"}],"author":[{"embeddable":true,"href":"http:\/\/agenciaellis.com.br\/blog\/wp-json\/wp\/v2\/users\/8"}],"replies":[{"embeddable":true,"href":"http:\/\/agenciaellis.com.br\/blog\/wp-json\/wp\/v2\/comments?post=522"}],"version-history":[{"count":7,"href":"http:\/\/agenciaellis.com.br\/blog\/wp-json\/wp\/v2\/posts\/522\/revisions"}],"predecessor-version":[{"id":1237,"href":"http:\/\/agenciaellis.com.br\/blog\/wp-json\/wp\/v2\/posts\/522\/revisions\/1237"}],"wp:featuredmedia":[{"embeddable":true,"href":"http:\/\/agenciaellis.com.br\/blog\/wp-json\/wp\/v2\/media\/528"}],"wp:attachment":[{"href":"http:\/\/agenciaellis.com.br\/blog\/wp-json\/wp\/v2\/media?parent=522"}],"wp:term":[{"taxonomy":"category","embeddable":true,"href":"http:\/\/agenciaellis.com.br\/blog\/wp-json\/wp\/v2\/categories?post=522"},{"taxonomy":"post_tag","embeddable":true,"href":"http:\/\/agenciaellis.com.br\/blog\/wp-json\/wp\/v2\/tags?post=522"}],"curies":[{"name":"wp","href":"https:\/\/api.w.org\/{rel}","templated":true}]}}